{"id":1255,"date":"2017-07-08T14:19:05","date_gmt":"2017-07-08T19:19:05","guid":{"rendered":"http:\/\/www.umifoods.com\/umiblog\/?p=1255"},"modified":"2022-02-08T13:47:31","modified_gmt":"2022-02-08T18:47:31","slug":"papa-rellena-de-perico","status":"publish","type":"post","link":"https:\/\/www.umifoods.com\/umiblog\/recetas\/papa-rellena-de-perico\/","title":{"rendered":"Papa rellena de Perico (2 porciones)"},"content":{"rendered":"<p>Hay muchas maneras de prepararlo y hoy te compartimos una que a nosotros nos encanta.<\/p>\n<h3>Ingredientes<\/h3>\n<p><strong>Para el relleno:<\/strong><\/p>\n<ul>\n<li>2 Tabletas de Perico \u201cUmi Foods\u201d<\/li>\n<li>1 Cebolla roja<\/li>\n<li>10gr de Ajo o pasta de ajo<\/li>\n<li>1 Pimiento<\/li>\n<li>2 Cucharadas de Aj\u00ed especial<\/li>\n<li>2 huevos<\/li>\n<li>Sal \/ Pimienta \/ Comino al gusto<\/li>\n<\/ul>\n<p><strong>Para la masa:<\/strong><\/p>\n<ul>\n<li>4 papas amarillas<\/li>\n<li>15 gr Harina<\/li>\n<li>1 huevo batido<\/li>\n<li>Sal\/ Pimienta al gusto<\/li>\n<\/ul>\n<p><strong>Para la sarsa criolla:<\/strong><\/p>\n<ul>\n<li>1 Cebolla roja<\/li>\n<li>Aj\u00ed limo de diferentes colores<\/li>\n<li>1 Lim\u00f3n<\/li>\n<li>Sal\/Pimienta al gusto<\/li>\n<\/ul>\n<h3>Preparaci\u00f3n<\/h3>\n<p>Comenzamos poniendo las papas a sancochar por aproximadamente 20-30 minutos dependiendo del tama\u00f1o de estas y tambi\u00e9n sancochamos los huevos del relleno por 10 minutos desde agua hirviendo.<\/p>\n<p><img fetchpriority=\"high\" decoding=\"async\" class=\"alignnone size-full wp-image-1262\" src=\"http:\/\/www.umifoods.com\/umiblog\/wp-content\/uploads\/sites\/3\/2017\/07\/1.jpg\" alt=\"\" width=\"1020\" height=\"548\" srcset=\"https:\/\/www.umifoods.com\/umiblog\/wp-content\/uploads\/sites\/3\/2017\/07\/1.jpg 1020w, https:\/\/www.umifoods.com\/umiblog\/wp-content\/uploads\/sites\/3\/2017\/07\/1-300x161.jpg 300w, https:\/\/www.umifoods.com\/umiblog\/wp-content\/uploads\/sites\/3\/2017\/07\/1-768x413.jpg 768w, https:\/\/www.umifoods.com\/umiblog\/wp-content\/uploads\/sites\/3\/2017\/07\/1-260x140.jpg 260w, https:\/\/www.umifoods.com\/umiblog\/wp-content\/uploads\/sites\/3\/2017\/07\/1-50x27.jpg 50w, https:\/\/www.umifoods.com\/umiblog\/wp-content\/uploads\/sites\/3\/2017\/07\/1-140x75.jpg 140w\" sizes=\"(max-width: 1020px) 100vw, 1020px\" \/><\/p>\n<p>Luego preparamos el aderezo, para esto cocinamos la cebolla cortada en cubitos junto con el ajo en aceite vegetal hasta lograr un color dorado. Seguimos con el pimiento en cubitos. Una vez este cocido nuestro aderezo agregamos las tabletas de perico cortadas en cubitos finitos. Dejamos que cocine por 7-10 minutos y agregamos el aj\u00ed especial. Esperamos 5 minutos que se termine de cocinar nuestra preparaci\u00f3n, la sazonamos con sal, pimienta y comino, y dejamos enfriar.<\/p>\n<p><img decoding=\"async\" class=\"alignnone size-full wp-image-1260\" src=\"http:\/\/www.umifoods.com\/umiblog\/wp-content\/uploads\/sites\/3\/2017\/07\/3.jpg\" alt=\"\" width=\"1020\" height=\"549\" srcset=\"https:\/\/www.umifoods.com\/umiblog\/wp-content\/uploads\/sites\/3\/2017\/07\/3.jpg 1020w, https:\/\/www.umifoods.com\/umiblog\/wp-content\/uploads\/sites\/3\/2017\/07\/3-300x161.jpg 300w, https:\/\/www.umifoods.com\/umiblog\/wp-content\/uploads\/sites\/3\/2017\/07\/3-768x413.jpg 768w, https:\/\/www.umifoods.com\/umiblog\/wp-content\/uploads\/sites\/3\/2017\/07\/3-260x140.jpg 260w, https:\/\/www.umifoods.com\/umiblog\/wp-content\/uploads\/sites\/3\/2017\/07\/3-50x27.jpg 50w, https:\/\/www.umifoods.com\/umiblog\/wp-content\/uploads\/sites\/3\/2017\/07\/3-139x75.jpg 139w\" sizes=\"(max-width: 1020px) 100vw, 1020px\" \/><\/p>\n<p>Una vez nuestras papas est\u00e9n sancochadas, las prensamos y sazonamos con sal. Al relleno le agregamos el huevo sancochado y cortado en cubitos, y el perejil picado finamente. Una vez est\u00e9n listos ambos podemos empezar a armar nuestras papas.<\/p>\n<p><img decoding=\"async\" class=\"alignnone size-full wp-image-1258\" src=\"http:\/\/www.umifoods.com\/umiblog\/wp-content\/uploads\/sites\/3\/2017\/07\/6.jpg\" alt=\"\" width=\"1020\" height=\"547\" srcset=\"https:\/\/www.umifoods.com\/umiblog\/wp-content\/uploads\/sites\/3\/2017\/07\/6.jpg 1020w, https:\/\/www.umifoods.com\/umiblog\/wp-content\/uploads\/sites\/3\/2017\/07\/6-300x161.jpg 300w, https:\/\/www.umifoods.com\/umiblog\/wp-content\/uploads\/sites\/3\/2017\/07\/6-768x412.jpg 768w, https:\/\/www.umifoods.com\/umiblog\/wp-content\/uploads\/sites\/3\/2017\/07\/6-260x139.jpg 260w, https:\/\/www.umifoods.com\/umiblog\/wp-content\/uploads\/sites\/3\/2017\/07\/6-50x27.jpg 50w, https:\/\/www.umifoods.com\/umiblog\/wp-content\/uploads\/sites\/3\/2017\/07\/6-140x75.jpg 140w\" sizes=\"(max-width: 1020px) 100vw, 1020px\" \/><\/p>\n<p>Armamos una base de papa en la palma de nuestra mano y le agregamos el relleno. Procedemos a taparlo con otra base de papa y damos forma. Una vez tenga la forma deseada, la enharinamos y la pasamos por huevo batido.<\/p>\n<p>Para fre\u00edr las papas se requiere abundante aceite y una temperatura media\/alta. Cocinar por lado hasta lograr un color dorado.<\/p>\n<p><img loading=\"lazy\" decoding=\"async\" class=\"alignnone size-full wp-image-1263\" src=\"http:\/\/www.umifoods.com\/umiblog\/wp-content\/uploads\/sites\/3\/2017\/07\/8.jpg\" alt=\"\" width=\"1020\" height=\"548\" srcset=\"https:\/\/www.umifoods.com\/umiblog\/wp-content\/uploads\/sites\/3\/2017\/07\/8.jpg 1020w, https:\/\/www.umifoods.com\/umiblog\/wp-content\/uploads\/sites\/3\/2017\/07\/8-300x161.jpg 300w, https:\/\/www.umifoods.com\/umiblog\/wp-content\/uploads\/sites\/3\/2017\/07\/8-768x413.jpg 768w, https:\/\/www.umifoods.com\/umiblog\/wp-content\/uploads\/sites\/3\/2017\/07\/8-260x140.jpg 260w, https:\/\/www.umifoods.com\/umiblog\/wp-content\/uploads\/sites\/3\/2017\/07\/8-50x27.jpg 50w, https:\/\/www.umifoods.com\/umiblog\/wp-content\/uploads\/sites\/3\/2017\/07\/8-140x75.jpg 140w\" sizes=\"(max-width: 1020px) 100vw, 1020px\" \/><\/p>\n<p>Para nuestra sarsa criolla, cortamos la cebolla y el aj\u00ed en finas l\u00e1minas y sazonamos con el lim\u00f3n, sal y un poco de pimienta.<\/p>\n<p><img loading=\"lazy\" decoding=\"async\" class=\"aligncenter wp-image-1804 size-full\" src=\"https:\/\/www.umifoods.com\/umiblog\/wp-content\/uploads\/sites\/3\/2022\/02\/Tabletas-de-Perico.jpg\" alt=\"\" width=\"390\" height=\"335\" srcset=\"https:\/\/www.umifoods.com\/umiblog\/wp-content\/uploads\/sites\/3\/2022\/02\/Tabletas-de-Perico.jpg 390w, https:\/\/www.umifoods.com\/umiblog\/wp-content\/uploads\/sites\/3\/2022\/02\/Tabletas-de-Perico-300x258.jpg 300w, https:\/\/www.umifoods.com\/umiblog\/wp-content\/uploads\/sites\/3\/2022\/02\/Tabletas-de-Perico-170x146.jpg 170w, https:\/\/www.umifoods.com\/umiblog\/wp-content\/uploads\/sites\/3\/2022\/02\/Tabletas-de-Perico-50x43.jpg 50w, https:\/\/www.umifoods.com\/umiblog\/wp-content\/uploads\/sites\/3\/2022\/02\/Tabletas-de-Perico-87x75.jpg 87w\" sizes=\"(max-width: 390px) 100vw, 390px\" \/><\/p>\n","protected":false},"excerpt":{"rendered":"<p>Hay muchas maneras de prepararlo y hoy te compartimos una que a nosotros nos encanta. Ingredientes Para el relleno: 2 Tabletas de Perico \u201cUmi Foods\u201d 1<span class=\"excerpt-hellip\"> [\u2026]<\/span><\/p>\n","protected":false},"author":1,"featured_media":1264,"comment_status":"open","ping_status":"open","sticky":false,"template":"","format":"standard","meta":{"footnotes":""},"categories":[21],"tags":[28],"class_list":["post-1255","post","type-post","status-publish","format-standard","has-post-thumbnail","hentry","category-recetas","tag-tabletas-de-perico"],"yoast_head":"<!-- This site is optimized with the Yoast SEO Premium plugin v18.0 (Yoast SEO v18.4.1) - https:\/\/yoast.com\/wordpress\/plugins\/seo\/ -->\n<title>Papa rellena de Perico (2 porciones) - Recetas y Consejos UMI Foods<\/title>\n<meta name=\"robots\" content=\"index, follow, max-snippet:-1, max-image-preview:large, max-video-preview:-1\" \/>\n<link rel=\"canonical\" href=\"https:\/\/www.umifoods.com\/umiblog\/recetas\/papa-rellena-de-perico\/\" \/>\n<meta property=\"og:locale\" content=\"es_ES\" \/>\n<meta property=\"og:type\" content=\"article\" \/>\n<meta property=\"og:title\" content=\"Papa rellena de Perico (2 porciones)\" \/>\n<meta property=\"og:description\" content=\"Hay muchas maneras de prepararlo y hoy te compartimos una que a nosotros nos encanta. Ingredientes Para el relleno: 2 Tabletas de Perico \u201cUmi Foods\u201d 1 [\u2026]\" \/>\n<meta property=\"og:url\" content=\"https:\/\/www.umifoods.com\/umiblog\/recetas\/papa-rellena-de-perico\/\" \/>\n<meta property=\"og:site_name\" content=\"Recetas y Consejos UMI Foods\" \/>\n<meta property=\"article:publisher\" content=\"https:\/\/www.facebook.com\/UmiFoodsOficial\" \/>\n<meta property=\"article:published_time\" content=\"2017-07-08T19:19:05+00:00\" \/>\n<meta property=\"article:modified_time\" content=\"2022-02-08T18:47:31+00:00\" \/>\n<meta property=\"og:image\" content=\"https:\/\/www.umifoods.com\/umiblog\/wp-content\/uploads\/sites\/3\/2017\/07\/7.jpg\" \/>\n\t<meta property=\"og:image:width\" content=\"1020\" \/>\n\t<meta property=\"og:image:height\" content=\"546\" \/>\n\t<meta property=\"og:image:type\" content=\"image\/jpeg\" \/>\n<meta name=\"twitter:card\" content=\"summary_large_image\" \/>\n<meta name=\"twitter:label1\" content=\"Escrito por\" \/>\n\t<meta name=\"twitter:data1\" content=\"Umi Foods\" \/>\n\t<meta name=\"twitter:label2\" content=\"Tiempo de lectura\" \/>\n\t<meta name=\"twitter:data2\" content=\"2 minutos\" \/>\n<!-- \/ Yoast SEO Premium plugin. -->","yoast_head_json":{"title":"Papa rellena de Perico (2 porciones) - Recetas y Consejos UMI Foods","robots":{"index":"index","follow":"follow","max-snippet":"max-snippet:-1","max-image-preview":"max-image-preview:large","max-video-preview":"max-video-preview:-1"},"canonical":"https:\/\/www.umifoods.com\/umiblog\/recetas\/papa-rellena-de-perico\/","og_locale":"es_ES","og_type":"article","og_title":"Papa rellena de Perico (2 porciones)","og_description":"Hay muchas maneras de prepararlo y hoy te compartimos una que a nosotros nos encanta. Ingredientes Para el relleno: 2 Tabletas de Perico \u201cUmi Foods\u201d 1 [\u2026]","og_url":"https:\/\/www.umifoods.com\/umiblog\/recetas\/papa-rellena-de-perico\/","og_site_name":"Recetas y Consejos UMI Foods","article_publisher":"https:\/\/www.facebook.com\/UmiFoodsOficial","article_published_time":"2017-07-08T19:19:05+00:00","article_modified_time":"2022-02-08T18:47:31+00:00","og_image":[{"width":1020,"height":546,"url":"https:\/\/www.umifoods.com\/umiblog\/wp-content\/uploads\/sites\/3\/2017\/07\/7.jpg","type":"image\/jpeg"}],"twitter_card":"summary_large_image","twitter_misc":{"Escrito por":"Umi Foods","Tiempo de lectura":"2 minutos"},"schema":{"@context":"https:\/\/schema.org","@graph":[{"@type":"Organization","@id":"https:\/\/www.umifoods.com\/umiblog\/#organization","name":"UMI foods - Recetas","url":"https:\/\/www.umifoods.com\/umiblog\/","sameAs":["https:\/\/www.facebook.com\/UmiFoodsOficial","https:\/\/www.instagram.com\/Umi.foods\/","https:\/\/www.linkedin.com\/company\/umifoods\/","https:\/\/www.youtube.com\/channel\/UC6qMBP_fQpj7tALBdPX7TBg"],"logo":{"@type":"ImageObject","@id":"https:\/\/www.umifoods.com\/umiblog\/#logo","inLanguage":"es","url":"https:\/\/www.umifoods.com\/umiblog\/wp-content\/uploads\/sites\/3\/2022\/03\/umifoods-logo-footer.svg","contentUrl":"https:\/\/www.umifoods.com\/umiblog\/wp-content\/uploads\/sites\/3\/2022\/03\/umifoods-logo-footer.svg","width":197.268,"height":241.645,"caption":"UMI foods - Recetas"},"image":{"@id":"https:\/\/www.umifoods.com\/umiblog\/#logo"}},{"@type":"WebSite","@id":"https:\/\/www.umifoods.com\/umiblog\/#website","url":"https:\/\/www.umifoods.com\/umiblog\/","name":"Recetas y Consejos UMI Foods","description":"Recetas &amp; Consejos de cocina caseras y f\u00e1ciles. UMI Blog Cientos de recetas f\u00e1ciles r\u00e1pidas y econ\u00f3micas de hacer.","publisher":{"@id":"https:\/\/www.umifoods.com\/umiblog\/#organization"},"potentialAction":[{"@type":"SearchAction","target":{"@type":"EntryPoint","urlTemplate":"https:\/\/www.umifoods.com\/umiblog\/?s={search_term_string}"},"query-input":"required name=search_term_string"}],"inLanguage":"es"},{"@type":"ImageObject","@id":"https:\/\/www.umifoods.com\/umiblog\/recetas\/papa-rellena-de-perico\/#primaryimage","inLanguage":"es","url":"https:\/\/www.umifoods.com\/umiblog\/wp-content\/uploads\/sites\/3\/2017\/07\/7.jpg","contentUrl":"https:\/\/www.umifoods.com\/umiblog\/wp-content\/uploads\/sites\/3\/2017\/07\/7.jpg","width":1020,"height":546},{"@type":"WebPage","@id":"https:\/\/www.umifoods.com\/umiblog\/recetas\/papa-rellena-de-perico\/#webpage","url":"https:\/\/www.umifoods.com\/umiblog\/recetas\/papa-rellena-de-perico\/","name":"Papa rellena de Perico (2 porciones) - Recetas y Consejos UMI Foods","isPartOf":{"@id":"https:\/\/www.umifoods.com\/umiblog\/#website"},"primaryImageOfPage":{"@id":"https:\/\/www.umifoods.com\/umiblog\/recetas\/papa-rellena-de-perico\/#primaryimage"},"datePublished":"2017-07-08T19:19:05+00:00","dateModified":"2022-02-08T18:47:31+00:00","breadcrumb":{"@id":"https:\/\/www.umifoods.com\/umiblog\/recetas\/papa-rellena-de-perico\/#breadcrumb"},"inLanguage":"es","potentialAction":[{"@type":"ReadAction","target":["https:\/\/www.umifoods.com\/umiblog\/recetas\/papa-rellena-de-perico\/"]}]},{"@type":"BreadcrumbList","@id":"https:\/\/www.umifoods.com\/umiblog\/recetas\/papa-rellena-de-perico\/#breadcrumb","itemListElement":[{"@type":"ListItem","position":1,"name":"Home","item":"https:\/\/www.umifoods.com\/umiblog\/"},{"@type":"ListItem","position":2,"name":"Papa rellena de Perico (2 porciones)"}]},{"@type":"Article","@id":"https:\/\/www.umifoods.com\/umiblog\/recetas\/papa-rellena-de-perico\/#article","isPartOf":{"@id":"https:\/\/www.umifoods.com\/umiblog\/recetas\/papa-rellena-de-perico\/#webpage"},"author":{"@id":"https:\/\/www.umifoods.com\/umiblog\/#\/schema\/person\/28900f4f45b90082494669e15faeaed9"},"headline":"Papa rellena de Perico (2 porciones)","datePublished":"2017-07-08T19:19:05+00:00","dateModified":"2022-02-08T18:47:31+00:00","mainEntityOfPage":{"@id":"https:\/\/www.umifoods.com\/umiblog\/recetas\/papa-rellena-de-perico\/#webpage"},"wordCount":316,"commentCount":0,"publisher":{"@id":"https:\/\/www.umifoods.com\/umiblog\/#organization"},"image":{"@id":"https:\/\/www.umifoods.com\/umiblog\/recetas\/papa-rellena-de-perico\/#primaryimage"},"thumbnailUrl":"https:\/\/www.umifoods.com\/umiblog\/wp-content\/uploads\/sites\/3\/2017\/07\/7.jpg","keywords":["Tabletas de Perico"],"articleSection":["RECETAS"],"inLanguage":"es","potentialAction":[{"@type":"CommentAction","name":"Comment","target":["https:\/\/www.umifoods.com\/umiblog\/recetas\/papa-rellena-de-perico\/#respond"]}]},{"@type":"Person","@id":"https:\/\/www.umifoods.com\/umiblog\/#\/schema\/person\/28900f4f45b90082494669e15faeaed9","name":"Umi Foods","image":{"@type":"ImageObject","@id":"https:\/\/www.umifoods.com\/umiblog\/#personlogo","inLanguage":"es","url":"https:\/\/secure.gravatar.com\/avatar\/7f3b5fe1307ad563b4449cdfaff494c30c6066d62dc496f0971461f55e3ab2ad?s=96&d=mm&r=g","contentUrl":"https:\/\/secure.gravatar.com\/avatar\/7f3b5fe1307ad563b4449cdfaff494c30c6066d62dc496f0971461f55e3ab2ad?s=96&d=mm&r=g","caption":"Umi Foods"},"url":"https:\/\/www.umifoods.com\/umiblog\/author\/webmaster\/"}]}},"acf":[],"_links":{"self":[{"href":"https:\/\/www.umifoods.com\/umiblog\/wp-json\/wp\/v2\/posts\/1255","targetHints":{"allow":["GET"]}}],"collection":[{"href":"https:\/\/www.umifoods.com\/umiblog\/wp-json\/wp\/v2\/posts"}],"about":[{"href":"https:\/\/www.umifoods.com\/umiblog\/wp-json\/wp\/v2\/types\/post"}],"author":[{"embeddable":true,"href":"https:\/\/www.umifoods.com\/umiblog\/wp-json\/wp\/v2\/users\/1"}],"replies":[{"embeddable":true,"href":"https:\/\/www.umifoods.com\/umiblog\/wp-json\/wp\/v2\/comments?post=1255"}],"version-history":[{"count":4,"href":"https:\/\/www.umifoods.com\/umiblog\/wp-json\/wp\/v2\/posts\/1255\/revisions"}],"predecessor-version":[{"id":1806,"href":"https:\/\/www.umifoods.com\/umiblog\/wp-json\/wp\/v2\/posts\/1255\/revisions\/1806"}],"wp:featuredmedia":[{"embeddable":true,"href":"https:\/\/www.umifoods.com\/umiblog\/wp-json\/wp\/v2\/media\/1264"}],"wp:attachment":[{"href":"https:\/\/www.umifoods.com\/umiblog\/wp-json\/wp\/v2\/media?parent=1255"}],"wp:term":[{"taxonomy":"category","embeddable":true,"href":"https:\/\/www.umifoods.com\/umiblog\/wp-json\/wp\/v2\/categories?post=1255"},{"taxonomy":"post_tag","embeddable":true,"href":"https:\/\/www.umifoods.com\/umiblog\/wp-json\/wp\/v2\/tags?post=1255"}],"curies":[{"name":"wp","href":"https:\/\/api.w.org\/{rel}","templated":true}]}}