{"id":770,"date":"2016-05-21T20:26:41","date_gmt":"2016-05-21T20:26:41","guid":{"rendered":"http:\/\/www.umifoods.com\/umiblog\/?p=770"},"modified":"2016-05-21T21:08:32","modified_gmt":"2016-05-21T21:08:32","slug":"tollo-con-juane-y-papas-nativas","status":"publish","type":"post","link":"https:\/\/www.umifoods.com\/umiblog\/recetas\/tollo-con-juane-y-papas-nativas\/","title":{"rendered":"Tollo con Juane y papas nativas"},"content":{"rendered":"<p>Nuestro pa\u00eds es diverso y probablemente es una de las cosas m\u00e1s bellas que podemos disfrutar, es por eso que quisimos poder hacer una receta combinando nuestras diferentes regiones, es por eso que hicimos nuestro delicioso tollo acompa\u00f1ado de papitas nativas con una peque\u00f1a porci\u00f3n de juane, y claro, sin olvidar los platanitos fritos.<\/p>\n<p>\u00a1Un plato combinando nuestra costa, sierra y selva, que m\u00e1s podemos pedir!<\/p>\n<p>Espero disfruten de este mix muy nutritivo y que sabe a Per\u00fa completamente.<\/p>\n<h3>Ingredientes:<\/h3>\n<ul>\n<li>2\u00a0Porciones de Tollo UMI Foods.<\/li>\n<li>2 Pl\u00e1tanos maduros para fritura<\/li>\n<li>Papas nativas<\/li>\n<li>Manteca de cerdo a proporci\u00f3n 1 cucharada por 1\/2 kg. de Arroz<\/li>\n<li>Ajos<\/li>\n<li>Hojas de laurel<\/li>\n<li>Pimienta<\/li>\n<li>Comino<\/li>\n<li>Or\u00e9gano<\/li>\n<li>Achiote<\/li>\n<li>Sal<\/li>\n<li>2 Huevos batidos<\/li>\n<li>2 huevos duros<\/li>\n<li>1 cabezas medianas de cebolla<\/li>\n<li>Hojas de bijau, achira o pl\u00e1tano.<\/li>\n<\/ul>\n<h3>Preparaci\u00f3n:<\/h3>\n<p>Con agua m\u00e1s una cuchara de manteca, cocinamos el arroz cercior\u00e1ndonos que est\u00e9 con una buena cantidad de sal. Luego, res\u00e9rvala.<\/p>\n<p><img fetchpriority=\"high\" decoding=\"async\" class=\"aligncenter wp-image-773 size-full\" src=\"http:\/\/www.umifoods.com\/umiblog\/wp-content\/uploads\/sites\/3\/2016\/05\/tollo-con-juane-y-papas-nativas-02.png\" alt=\"Tollo-con-Juane-y-papas-nativas-02\" width=\"854\" height=\"454\" srcset=\"https:\/\/www.umifoods.com\/umiblog\/wp-content\/uploads\/sites\/3\/2016\/05\/tollo-con-juane-y-papas-nativas-02.png 854w, https:\/\/www.umifoods.com\/umiblog\/wp-content\/uploads\/sites\/3\/2016\/05\/tollo-con-juane-y-papas-nativas-02-300x159.png 300w, https:\/\/www.umifoods.com\/umiblog\/wp-content\/uploads\/sites\/3\/2016\/05\/tollo-con-juane-y-papas-nativas-02-768x408.png 768w, https:\/\/www.umifoods.com\/umiblog\/wp-content\/uploads\/sites\/3\/2016\/05\/tollo-con-juane-y-papas-nativas-02-400x213.png 400w\" sizes=\"(max-width: 854px) 100vw, 854px\" \/><\/p>\n<p>Despu\u00e9s, fre\u00edmos en manteca, cebolla, achiote, or\u00e9gano y las hojas de laurel.<\/p>\n<p>Mezclamos lo que hemos frito (enfriar)antes con el arroz fr\u00edo y los huevos batidos verificando la sal.<\/p>\n<p>Pasamos las hojas del pl\u00e1tano a cierta altura del fuego que evitar que se resequen y para que sean m\u00e1s moldeables.<\/p>\n<p>Para terminar, ponemos las hojas y en cada una de ellas ponemos una porci\u00f3n de arroz y un huevo duro para darles forma de bola. Las envolvemos y las cocinamos a vapor por un promedio de 30 minutos o en agua hirviendo el mismo tiempo.<\/p>\n<p>Sazonamos bien los filetes de Tollo y los fre\u00edmos con aceite vegetal hasta lograr que dore.<\/p>\n<p><img decoding=\"async\" class=\"aligncenter wp-image-772 size-full\" src=\"http:\/\/www.umifoods.com\/umiblog\/wp-content\/uploads\/sites\/3\/2016\/05\/tollo-con-juane-y-papas-nativas-03.png\" alt=\"Tollo-con-Juane-y-papas-nativas-03\" width=\"854\" height=\"456\" srcset=\"https:\/\/www.umifoods.com\/umiblog\/wp-content\/uploads\/sites\/3\/2016\/05\/tollo-con-juane-y-papas-nativas-03.png 854w, https:\/\/www.umifoods.com\/umiblog\/wp-content\/uploads\/sites\/3\/2016\/05\/tollo-con-juane-y-papas-nativas-03-300x160.png 300w, https:\/\/www.umifoods.com\/umiblog\/wp-content\/uploads\/sites\/3\/2016\/05\/tollo-con-juane-y-papas-nativas-03-768x410.png 768w, https:\/\/www.umifoods.com\/umiblog\/wp-content\/uploads\/sites\/3\/2016\/05\/tollo-con-juane-y-papas-nativas-03-400x214.png 400w\" sizes=\"(max-width: 854px) 100vw, 854px\" \/><\/p>\n<p>Los pl\u00e1tanos los fre\u00edmos sumergi\u00e9ndolos en aceite vegetal de la forma que ustedes deseen.<\/p>\n<p>Las papas nativas las podemos cocinar al vapor o sumergi\u00e9ndolas en agua.<\/p>\n<p>Podemos acompa\u00f1ar con un aj\u00ed de cocona o diferentes cremas (Huanca\u00edna, ocopa)<\/p>\n<p>&nbsp;<\/p>\n","protected":false},"excerpt":{"rendered":"<p>Nuestro pa\u00eds es diverso y probablemente es una de las cosas m\u00e1s bellas que podemos disfrutar, es por eso que quisimos poder hacer una receta combinando<span class=\"excerpt-hellip\"> [\u2026]<\/span><\/p>\n","protected":false},"author":1,"featured_media":774,"comment_status":"open","ping_status":"open","sticky":false,"template":"","format":"standard","meta":{"footnotes":""},"categories":[21],"tags":[36],"class_list":["post-770","post","type-post","status-publish","format-standard","has-post-thumbnail","hentry","category-recetas","tag-porciones-de-tollo"],"yoast_head":"<!-- This site is optimized with the Yoast SEO Premium plugin v18.0 (Yoast SEO v18.4.1) - https:\/\/yoast.com\/wordpress\/plugins\/seo\/ -->\n<title>Tollo con Juane y papas nativas - Recetas y Consejos UMI Foods<\/title>\n<meta name=\"robots\" content=\"index, follow, max-snippet:-1, max-image-preview:large, max-video-preview:-1\" \/>\n<link rel=\"canonical\" href=\"https:\/\/www.umifoods.com\/umiblog\/recetas\/tollo-con-juane-y-papas-nativas\/\" \/>\n<meta property=\"og:locale\" content=\"es_ES\" \/>\n<meta property=\"og:type\" content=\"article\" \/>\n<meta property=\"og:title\" content=\"Tollo con Juane y papas nativas\" \/>\n<meta property=\"og:description\" content=\"Nuestro pa\u00eds es diverso y probablemente es una de las cosas m\u00e1s bellas que podemos disfrutar, es por eso que quisimos poder hacer una receta combinando [\u2026]\" \/>\n<meta property=\"og:url\" content=\"https:\/\/www.umifoods.com\/umiblog\/recetas\/tollo-con-juane-y-papas-nativas\/\" \/>\n<meta property=\"og:site_name\" content=\"Recetas y Consejos UMI Foods\" \/>\n<meta property=\"article:publisher\" content=\"https:\/\/www.facebook.com\/UmiFoodsOficial\" \/>\n<meta property=\"article:published_time\" content=\"2016-05-21T20:26:41+00:00\" \/>\n<meta property=\"article:modified_time\" content=\"2016-05-21T21:08:32+00:00\" \/>\n<meta property=\"og:image\" content=\"https:\/\/www.umifoods.com\/umiblog\/wp-content\/uploads\/sites\/3\/2016\/05\/tollo-con-juane-y-papas-nativas-01.png\" \/>\n\t<meta property=\"og:image:width\" content=\"854\" \/>\n\t<meta property=\"og:image:height\" content=\"454\" \/>\n\t<meta property=\"og:image:type\" content=\"image\/png\" \/>\n<meta name=\"twitter:card\" content=\"summary_large_image\" \/>\n<meta name=\"twitter:label1\" content=\"Escrito por\" \/>\n\t<meta name=\"twitter:data1\" content=\"Umi Foods\" \/>\n\t<meta name=\"twitter:label2\" content=\"Tiempo de lectura\" \/>\n\t<meta name=\"twitter:data2\" content=\"2 minutos\" \/>\n<!-- \/ Yoast SEO Premium plugin. -->","yoast_head_json":{"title":"Tollo con Juane y papas nativas - Recetas y Consejos UMI Foods","robots":{"index":"index","follow":"follow","max-snippet":"max-snippet:-1","max-image-preview":"max-image-preview:large","max-video-preview":"max-video-preview:-1"},"canonical":"https:\/\/www.umifoods.com\/umiblog\/recetas\/tollo-con-juane-y-papas-nativas\/","og_locale":"es_ES","og_type":"article","og_title":"Tollo con Juane y papas nativas","og_description":"Nuestro pa\u00eds es diverso y probablemente es una de las cosas m\u00e1s bellas que podemos disfrutar, es por eso que quisimos poder hacer una receta combinando [\u2026]","og_url":"https:\/\/www.umifoods.com\/umiblog\/recetas\/tollo-con-juane-y-papas-nativas\/","og_site_name":"Recetas y Consejos UMI Foods","article_publisher":"https:\/\/www.facebook.com\/UmiFoodsOficial","article_published_time":"2016-05-21T20:26:41+00:00","article_modified_time":"2016-05-21T21:08:32+00:00","og_image":[{"width":854,"height":454,"url":"https:\/\/www.umifoods.com\/umiblog\/wp-content\/uploads\/sites\/3\/2016\/05\/tollo-con-juane-y-papas-nativas-01.png","type":"image\/png"}],"twitter_card":"summary_large_image","twitter_misc":{"Escrito por":"Umi Foods","Tiempo de lectura":"2 minutos"},"schema":{"@context":"https:\/\/schema.org","@graph":[{"@type":"Organization","@id":"https:\/\/www.umifoods.com\/umiblog\/#organization","name":"UMI foods - Recetas","url":"https:\/\/www.umifoods.com\/umiblog\/","sameAs":["https:\/\/www.facebook.com\/UmiFoodsOficial","https:\/\/www.instagram.com\/Umi.foods\/","https:\/\/www.linkedin.com\/company\/umifoods\/","https:\/\/www.youtube.com\/channel\/UC6qMBP_fQpj7tALBdPX7TBg"],"logo":{"@type":"ImageObject","@id":"https:\/\/www.umifoods.com\/umiblog\/#logo","inLanguage":"es","url":"https:\/\/www.umifoods.com\/umiblog\/wp-content\/uploads\/sites\/3\/2022\/03\/umifoods-logo-footer.svg","contentUrl":"https:\/\/www.umifoods.com\/umiblog\/wp-content\/uploads\/sites\/3\/2022\/03\/umifoods-logo-footer.svg","width":197.268,"height":241.645,"caption":"UMI foods - Recetas"},"image":{"@id":"https:\/\/www.umifoods.com\/umiblog\/#logo"}},{"@type":"WebSite","@id":"https:\/\/www.umifoods.com\/umiblog\/#website","url":"https:\/\/www.umifoods.com\/umiblog\/","name":"Recetas y Consejos UMI Foods","description":"Recetas &amp; Consejos de cocina caseras y f\u00e1ciles. UMI Blog Cientos de recetas f\u00e1ciles r\u00e1pidas y econ\u00f3micas de hacer.","publisher":{"@id":"https:\/\/www.umifoods.com\/umiblog\/#organization"},"potentialAction":[{"@type":"SearchAction","target":{"@type":"EntryPoint","urlTemplate":"https:\/\/www.umifoods.com\/umiblog\/?s={search_term_string}"},"query-input":"required name=search_term_string"}],"inLanguage":"es"},{"@type":"ImageObject","@id":"https:\/\/www.umifoods.com\/umiblog\/recetas\/tollo-con-juane-y-papas-nativas\/#primaryimage","inLanguage":"es","url":"https:\/\/www.umifoods.com\/umiblog\/wp-content\/uploads\/sites\/3\/2016\/05\/tollo-con-juane-y-papas-nativas-01.png","contentUrl":"https:\/\/www.umifoods.com\/umiblog\/wp-content\/uploads\/sites\/3\/2016\/05\/tollo-con-juane-y-papas-nativas-01.png","width":854,"height":454},{"@type":"WebPage","@id":"https:\/\/www.umifoods.com\/umiblog\/recetas\/tollo-con-juane-y-papas-nativas\/#webpage","url":"https:\/\/www.umifoods.com\/umiblog\/recetas\/tollo-con-juane-y-papas-nativas\/","name":"Tollo con Juane y papas nativas - Recetas y Consejos UMI Foods","isPartOf":{"@id":"https:\/\/www.umifoods.com\/umiblog\/#website"},"primaryImageOfPage":{"@id":"https:\/\/www.umifoods.com\/umiblog\/recetas\/tollo-con-juane-y-papas-nativas\/#primaryimage"},"datePublished":"2016-05-21T20:26:41+00:00","dateModified":"2016-05-21T21:08:32+00:00","breadcrumb":{"@id":"https:\/\/www.umifoods.com\/umiblog\/recetas\/tollo-con-juane-y-papas-nativas\/#breadcrumb"},"inLanguage":"es","potentialAction":[{"@type":"ReadAction","target":["https:\/\/www.umifoods.com\/umiblog\/recetas\/tollo-con-juane-y-papas-nativas\/"]}]},{"@type":"BreadcrumbList","@id":"https:\/\/www.umifoods.com\/umiblog\/recetas\/tollo-con-juane-y-papas-nativas\/#breadcrumb","itemListElement":[{"@type":"ListItem","position":1,"name":"Home","item":"https:\/\/www.umifoods.com\/umiblog\/"},{"@type":"ListItem","position":2,"name":"Tollo con Juane y papas nativas"}]},{"@type":"Article","@id":"https:\/\/www.umifoods.com\/umiblog\/recetas\/tollo-con-juane-y-papas-nativas\/#article","isPartOf":{"@id":"https:\/\/www.umifoods.com\/umiblog\/recetas\/tollo-con-juane-y-papas-nativas\/#webpage"},"author":{"@id":"https:\/\/www.umifoods.com\/umiblog\/#\/schema\/person\/28900f4f45b90082494669e15faeaed9"},"headline":"Tollo con Juane y papas nativas","datePublished":"2016-05-21T20:26:41+00:00","dateModified":"2016-05-21T21:08:32+00:00","mainEntityOfPage":{"@id":"https:\/\/www.umifoods.com\/umiblog\/recetas\/tollo-con-juane-y-papas-nativas\/#webpage"},"wordCount":330,"commentCount":0,"publisher":{"@id":"https:\/\/www.umifoods.com\/umiblog\/#organization"},"image":{"@id":"https:\/\/www.umifoods.com\/umiblog\/recetas\/tollo-con-juane-y-papas-nativas\/#primaryimage"},"thumbnailUrl":"https:\/\/www.umifoods.com\/umiblog\/wp-content\/uploads\/sites\/3\/2016\/05\/tollo-con-juane-y-papas-nativas-01.png","keywords":["Porciones de Tollo"],"articleSection":["RECETAS"],"inLanguage":"es","potentialAction":[{"@type":"CommentAction","name":"Comment","target":["https:\/\/www.umifoods.com\/umiblog\/recetas\/tollo-con-juane-y-papas-nativas\/#respond"]}]},{"@type":"Person","@id":"https:\/\/www.umifoods.com\/umiblog\/#\/schema\/person\/28900f4f45b90082494669e15faeaed9","name":"Umi Foods","image":{"@type":"ImageObject","@id":"https:\/\/www.umifoods.com\/umiblog\/#personlogo","inLanguage":"es","url":"https:\/\/secure.gravatar.com\/avatar\/7f3b5fe1307ad563b4449cdfaff494c30c6066d62dc496f0971461f55e3ab2ad?s=96&d=mm&r=g","contentUrl":"https:\/\/secure.gravatar.com\/avatar\/7f3b5fe1307ad563b4449cdfaff494c30c6066d62dc496f0971461f55e3ab2ad?s=96&d=mm&r=g","caption":"Umi Foods"},"url":"https:\/\/www.umifoods.com\/umiblog\/author\/webmaster\/"}]}},"acf":[],"_links":{"self":[{"href":"https:\/\/www.umifoods.com\/umiblog\/wp-json\/wp\/v2\/posts\/770","targetHints":{"allow":["GET"]}}],"collection":[{"href":"https:\/\/www.umifoods.com\/umiblog\/wp-json\/wp\/v2\/posts"}],"about":[{"href":"https:\/\/www.umifoods.com\/umiblog\/wp-json\/wp\/v2\/types\/post"}],"author":[{"embeddable":true,"href":"https:\/\/www.umifoods.com\/umiblog\/wp-json\/wp\/v2\/users\/1"}],"replies":[{"embeddable":true,"href":"https:\/\/www.umifoods.com\/umiblog\/wp-json\/wp\/v2\/comments?post=770"}],"version-history":[{"count":4,"href":"https:\/\/www.umifoods.com\/umiblog\/wp-json\/wp\/v2\/posts\/770\/revisions"}],"predecessor-version":[{"id":777,"href":"https:\/\/www.umifoods.com\/umiblog\/wp-json\/wp\/v2\/posts\/770\/revisions\/777"}],"wp:featuredmedia":[{"embeddable":true,"href":"https:\/\/www.umifoods.com\/umiblog\/wp-json\/wp\/v2\/media\/774"}],"wp:attachment":[{"href":"https:\/\/www.umifoods.com\/umiblog\/wp-json\/wp\/v2\/media?parent=770"}],"wp:term":[{"taxonomy":"category","embeddable":true,"href":"https:\/\/www.umifoods.com\/umiblog\/wp-json\/wp\/v2\/categories?post=770"},{"taxonomy":"post_tag","embeddable":true,"href":"https:\/\/www.umifoods.com\/umiblog\/wp-json\/wp\/v2\/tags?post=770"}],"curies":[{"name":"wp","href":"https:\/\/api.w.org\/{rel}","templated":true}]}}